{"id":81,"date":"2015-05-27T20:37:39","date_gmt":"2015-05-27T20:37:39","guid":{"rendered":"http:\/\/www.rau.ufscar.br\/?p=81"},"modified":"2015-05-30T23:04:13","modified_gmt":"2015-05-30T23:04:13","slug":"volume-1-numero-2-2009","status":"publish","type":"post","link":"https:\/\/www.rau.ufscar.br\/?p=81","title":{"rendered":"Volume 1, N\u00famero 2 | 2009"},"content":{"rendered":"<div>\n<h2><span style=\"color: #ff6600;\">Volume 1, N\u00famero 2 | julho \u2013 dezembro de 2009<\/span><\/h2>\n<\/div>\n<h3>ISSN: 2175-4705<\/h3>\n<h3><\/h3>\n<h3><\/h3>\n<h3><\/h3>\n<div class=\"issuuembed\" style=\"width: 525px; height: 371px;\" data-configid=\"2030228\/6704890\"><\/div>\n<p><script src=\"\/\/e.issuu.com\/embed.js\" async=\"true\" type=\"text\/javascript\"><\/script><\/p>\n<h3><\/h3>\n<p>&nbsp;<\/p>\n<h3><\/h3>\n<p>&nbsp;<\/p>\n<div>\n<hr \/>\n<p><script src=\"\/\/e.issuu.com\/embed.js\" async=\"true\" type=\"mce-mce-mce-mce-mce-text\/javascript\"><\/script><em><strong>\u00a0<\/strong><\/em><b><b><em>Editorial\u00a0<\/em>[<a href=\"http:\/\/www.rau.ufscar.br\/wp-content\/uploads\/2015\/05\/rau2edicao-editorial.pdf\" target=\"_blank\">.pdf<\/a>]<\/b><\/b><\/p>\n<hr \/>\n<p>&nbsp;<\/p>\n<p><em><span style=\"color: #ff6600;\"><b>Artigos \u00a0 \u00a0\u00a0<\/b><\/span><\/em><\/p>\n<div>\n<h4><b>Roteiro para uma \u00f3pera sobre a Amaz\u00f4nia e o futuro da floresta [<a href=\"http:\/\/www.rau.ufscar.br\/wp-content\/uploads\/2015\/05\/rau2edicao-artigo-1.pdf\" target=\"_blank\">.pdf<\/a>]<\/b><\/h4>\n<p style=\"padding-left: 30px;\">Laymert Garcia dos SANTOS<\/p>\n<h4><b>Fruit in the Soil of Magic:\u00a0<\/b>Horticultural practices as socially conditioned techniques in the formation of Anthropogenic Amazonia [<a href=\"http:\/\/www.rau.ufscar.br\/wp-content\/uploads\/2015\/05\/rau2edicao-artigo-2.pdf\" target=\"_blank\">.pdf<\/a>]<\/h4>\n<p style=\"padding-left: 30px;\">Philip COMPTON<\/p>\n<h4><b>L\u2019entretien comme methode de recherche avec les personnes sans abri:\u00a0<\/b>Questions de terrain [<a href=\"http:\/\/www.rau.ufscar.br\/wp-content\/uploads\/2015\/05\/rau2edicao-artigo-3.pdf\" target=\"_blank\">.pdf<\/a>]<\/h4>\n<p style=\"padding-left: 30px;\">Ana Paula Serrata MALFITANO &amp; Ana Cl\u00e1udia Rodrigues MARQUES<\/p>\n<h4><b><b>Kendo: Devir samuraico, mitol\u00f3gicas e ritol\u00f3gicas nip\u00f4nicas.\u00a0<\/b><\/b><b>Adentrando a \u2018Casa Japonesa\u2019 [<a href=\"http:\/\/www.rau.ufscar.br\/wp-content\/uploads\/2015\/05\/rau2edicao-artigo-4.pdf\" target=\"_blank\">.pdf<\/a>]<\/b><\/h4>\n<\/div>\n<p style=\"padding-left: 30px;\">Gil Vicente LOUREN\u00c7\u00c3O<\/p>\n<div>\n<h4><b><b>Selvagens, brutos ou her\u00f3is?\u00a0<\/b>Os brasileiros de torna-viagem e a constru\u00e7\u00e3o identit\u00e1ria do Brasil em Portugal [<a href=\"http:\/\/www.rau.ufscar.br\/wp-content\/uploads\/2015\/05\/rau2edicao-artigo-5.pdf\" target=\"_blank\">.pdf<\/a>]<\/b><\/h4>\n<p style=\"padding-left: 30px;\">Wellington Teixeira LISBOA<\/p>\n<hr \/>\n<h3><span style=\"color: #ff6600;\"><em><b><span lang=\"FR\">Ayahuasca<\/span><\/b><\/em><\/span><\/h3>\n<div>\n<h4><span lang=\"PT-BR\"><b>As Encruzilhadas da imprensa:\u00a0<\/b><\/span><span lang=\"PT-BR\">Uma an\u00e1lise da reportagem de capa da Revista Isto \u00c9 sobre a ayahuasca [<a href=\"http:\/\/www.rau.ufscar.br\/wp-content\/uploads\/2015\/05\/rau2edicao-Ayahuasca-1.pdf\" target=\"_blank\">.pdf<\/a>]<\/span><\/h4>\n<p style=\"padding-left: 30px;\"><span lang=\"PT-BR\">Beatriz Caiuby LABATE<\/span><\/p>\n<h4><b><b>Consci\u00eancia, mira\u00e7\u00e3o e cura na Barquinha[<a href=\"http:\/\/www.rau.ufscar.br\/wp-content\/uploads\/2015\/05\/rau2edicao-Ayahuasca-2.pdf\" target=\"_blank\">.pdf<\/a>]<\/b><\/b><\/h4>\n<p style=\"padding-left: 30px;\">Marcelo MERCANTE<\/p>\n<h4><b>Efeitos da Ayahuasca em medidas psicom\u00e9tricas de p\u00e2nico, ansiedade e desesperan\u00e7a [<a href=\"http:\/\/www.rau.ufscar.br\/wp-content\/uploads\/2015\/05\/rau2edicao-Ayahuasca-3.pdf\" target=\"_blank\">.pdf<\/a>]<\/b><\/h4>\n<p style=\"padding-left: 30px;\">Rafael Guimar\u00e3es DOS SANTOS<i>\u00a0<\/i><\/p>\n<\/div>\n<div>\n<hr \/>\n<h3><em><span style=\"color: #ff6600;\"><b><span lang=\"PT-BR\">Relatos de Pesquisa<\/span><\/b><\/span><\/em><\/h3>\n<h4><span lang=\"PT-BR\"><b>Acessos e Acordos:\u00a0<\/b><\/span><span lang=\"PT-BR\">Como realizei minha pesquisa sobre as homenagens cariocas [<a href=\"http:\/\/www.rau.ufscar.br\/wp-content\/uploads\/2015\/05\/rau2edicao-relatos-de-pesquisa.pdf\" target=\"_blank\">.pdf<\/a>]<\/span><\/h4>\n<p style=\"padding-left: 30px;\"><span lang=\"PT-BR\">Danilo C\u00e9sar SOUZA PINTO<\/span><\/p>\n<hr \/>\n<h3><em><span style=\"color: #ff6600;\"><b><span lang=\"PT-BR\">Entrevista<\/span><\/b><\/span><\/em><\/h3>\n<h4><b><span lang=\"PT-BR\"><b>Um debate sobre o PCC:\u00a0<\/b><\/span><\/b><b><span lang=\"PT-BR\">Entrevista com Camila Nunes DIAS, Gabriel de Santis FELTRAN, Adalton MARQUES e Karina BIONDI [<a href=\"http:\/\/www.rau.ufscar.br\/wp-content\/uploads\/2015\/05\/rau2edicao-entrevista.pdf\" target=\"_blank\">.pdf<\/a>]<\/span><\/b><\/h4>\n<p style=\"padding-left: 30px;\"><span lang=\"PT-BR\">Bruno Paes MANSO<\/span><\/p>\n<hr \/>\n<h3><em><span style=\"color: #ff6600;\"><b><span lang=\"PT-BR\">Resenhas<\/span><\/b><\/span><\/em><\/h3>\n<h4><span lang=\"PT-BR\">KISHI,\u00a0<\/span><span lang=\"PT-BR\">S.;<\/span><span lang=\"PT-BR\">\u00a0KLEBA, J.B. (orgs.)\u00a0<\/span><span lang=\"PT-BR\"><i>Dilemas do acesso \u00e0 biodiversidade e aos conhecimentos tradicionais: direito, pol\u00edtica e sociedade<\/i><\/span><span lang=\"PT-BR\"><i>\u00a0<\/i>[<a href=\"http:\/\/www.rau.ufscar.br\/wp-content\/uploads\/2015\/05\/rau2edicao-resenha-1.pdf\" target=\"_blank\">.pdf<\/a>]<\/span><\/h4>\n<p style=\"padding-left: 30px;\"><span lang=\"PT-BR\">Aline SCOLFARO<\/span><\/p>\n<h4>LIMA, Diana. <i>Sujeitos e objetos do sucesso: Antropologia do Brasil emergente <\/i>[<a href=\"http:\/\/www.rau.ufscar.br\/wp-content\/uploads\/2015\/05\/rau2edicao-resenhas-2.pdf\" target=\"_blank\">.pdf<\/a>]<\/h4>\n<p style=\"padding-left: 30px;\">Eduardo DULLO<\/p>\n<h4><span lang=\"PT-BR\">CARVALHO, Fernanda Schmuziger. <i>Koixomuneti: Xamanismo e Pr\u00e1tica de Cura entre os Terena <\/i>[<a href=\"http:\/\/www.rau.ufscar.br\/wp-content\/uploads\/2015\/05\/rau2edicao-resenha-3.pdf\">.pdf<\/a>]<\/span><\/h4>\n<p style=\"padding-left: 30px;\">Jean Paulo Pereira de MENEZES<\/p>\n<h4>CASTRO, Celso; LEIRNER, Piero (orgs.) <i>Antropologia dos militares. Reflex\u00f5es sobre pesquisas de campo <\/i>[<a href=\"http:\/\/www.rau.ufscar.br\/wp-content\/uploads\/2015\/05\/rau2edicao-resenha-4.pdf\" target=\"_blank\">.pdf<\/a>]<\/h4>\n<p style=\"padding-left: 30px;\">Carla Souza de CAMARGO<\/p>\n<hr \/>\n<p><a href=\"http:\/\/www.ufscar.br\/ppgas\/\" target=\"_blank\" rel=\"http:\/\/www.ufscar.br\/ppgas\/\"><img loading=\"lazy\" decoding=\"async\" class=\"alignnone wp-image-277\" src=\"http:\/\/www.rau.ufscar.br\/wp-content\/uploads\/2015\/05\/rotate.php_-300x262.jpg\" alt=\"rotate.php\" width=\"200\" height=\"175\" srcset=\"https:\/\/www.rau.ufscar.br\/wp-content\/uploads\/2015\/05\/rotate.php_-300x262.jpg 300w, https:\/\/www.rau.ufscar.br\/wp-content\/uploads\/2015\/05\/rotate.php_.jpg 306w\" sizes=\"auto, (max-width: 200px) 100vw, 200px\" \/><\/a> <a href=\"http:\/\/www2.ufscar.br\/home\/index.php\" target=\"_blank\" rel=\"http:\/\/www2.ufscar.br\/home\/index.php\"><img loading=\"lazy\" decoding=\"async\" class=\"alignnone wp-image-278\" src=\"http:\/\/www.rau.ufscar.br\/wp-content\/uploads\/2015\/05\/UFSCar-300x219.jpg\" alt=\"UFSCar\" width=\"200\" height=\"146\" srcset=\"https:\/\/www.rau.ufscar.br\/wp-content\/uploads\/2015\/05\/UFSCar-300x219.jpg 300w, https:\/\/www.rau.ufscar.br\/wp-content\/uploads\/2015\/05\/UFSCar-1024x746.jpg 1024w, https:\/\/www.rau.ufscar.br\/wp-content\/uploads\/2015\/05\/UFSCar-788x574.jpg 788w\" sizes=\"auto, (max-width: 200px) 100vw, 200px\" \/><\/a><\/p>\n<hr \/>\n<p>Indexadores:<\/p>\n<p><a href=\"http:\/\/www.latindex.unam.mx\/\" target=\"_blank\"><img loading=\"lazy\" decoding=\"async\" class=\"alignnone wp-image-275\" src=\"http:\/\/www.rau.ufscar.br\/wp-content\/uploads\/2015\/05\/latindex-300x101.jpg\" alt=\"latindex\" width=\"150\" height=\"50\" srcset=\"https:\/\/www.rau.ufscar.br\/wp-content\/uploads\/2015\/05\/latindex-300x101.jpg 300w, https:\/\/www.rau.ufscar.br\/wp-content\/uploads\/2015\/05\/latindex-788x265.jpg 788w, https:\/\/www.rau.ufscar.br\/wp-content\/uploads\/2015\/05\/latindex.jpg 798w\" sizes=\"auto, (max-width: 150px) 100vw, 150px\" \/><\/a><\/p>\n<p><a href=\"http:\/\/www.wcaanet.org\/\" target=\"_blank\"><img loading=\"lazy\" decoding=\"async\" class=\"alignnone wp-image-276\" src=\"http:\/\/www.rau.ufscar.br\/wp-content\/uploads\/2015\/05\/logo.png\" alt=\"logo\" width=\"150\" height=\"65\" \/><\/a><\/p>\n<\/div>\n<\/div>\n<\/div>\n","protected":false},"excerpt":{"rendered":"<p>Volume 1, N\u00famero 2 | julho \u2013 dezembro de 2009 ISSN: 2175-4705 &nbsp; &nbsp; \u00a0Editorial\u00a0[.pdf] &nbsp; Artigos \u00a0 \u00a0\u00a0 Roteiro para uma \u00f3pera sobre a Amaz\u00f4nia e o futuro da floresta [.pdf] Laymert Garcia dos SANTOS Fruit in the Soil of Magic:\u00a0Horticultural practices as socially conditioned techniques in the formation of Anthropogenic Amazonia [.pdf] Philip [&hellip;]<\/p>\n","protected":false},"author":1,"featured_media":318,"comment_status":"closed","ping_status":"closed","sticky":false,"template":"","format":"standard","meta":{"footnotes":""},"categories":[5],"tags":[],"class_list":["post-81","post","type-post","status-publish","format-standard","has-post-thumbnail","hentry","category-numeros"],"_links":{"self":[{"href":"https:\/\/www.rau.ufscar.br\/index.php?rest_route=\/wp\/v2\/posts\/81","targetHints":{"allow":["GET"]}}],"collection":[{"href":"https:\/\/www.rau.ufscar.br\/index.php?rest_route=\/wp\/v2\/posts"}],"about":[{"href":"https:\/\/www.rau.ufscar.br\/index.php?rest_route=\/wp\/v2\/types\/post"}],"author":[{"embeddable":true,"href":"https:\/\/www.rau.ufscar.br\/index.php?rest_route=\/wp\/v2\/users\/1"}],"replies":[{"embeddable":true,"href":"https:\/\/www.rau.ufscar.br\/index.php?rest_route=%2Fwp%2Fv2%2Fcomments&post=81"}],"version-history":[{"count":14,"href":"https:\/\/www.rau.ufscar.br\/index.php?rest_route=\/wp\/v2\/posts\/81\/revisions"}],"predecessor-version":[{"id":214,"href":"https:\/\/www.rau.ufscar.br\/index.php?rest_route=\/wp\/v2\/posts\/81\/revisions\/214"}],"wp:featuredmedia":[{"embeddable":true,"href":"https:\/\/www.rau.ufscar.br\/index.php?rest_route=\/wp\/v2\/media\/318"}],"wp:attachment":[{"href":"https:\/\/www.rau.ufscar.br\/index.php?rest_route=%2Fwp%2Fv2%2Fmedia&parent=81"}],"wp:term":[{"taxonomy":"category","embeddable":true,"href":"https:\/\/www.rau.ufscar.br\/index.php?rest_route=%2Fwp%2Fv2%2Fcategories&post=81"},{"taxonomy":"post_tag","embeddable":true,"href":"https:\/\/www.rau.ufscar.br\/index.php?rest_route=%2Fwp%2Fv2%2Ftags&post=81"}],"curies":[{"name":"wp","href":"https:\/\/api.w.org\/{rel}","templated":true}]}}