{"id":2081,"date":"2025-07-24T15:20:17","date_gmt":"2025-07-24T15:20:17","guid":{"rendered":"http:\/\/www.rau.ufscar.br\/?p=2081"},"modified":"2025-07-24T15:20:17","modified_gmt":"2025-07-24T15:20:17","slug":"volume-16-numero-1-2024-textos-livres","status":"publish","type":"post","link":"https:\/\/www.rau.ufscar.br\/?p=2081","title":{"rendered":"Volume 16, n\u00famero 1 | 2024 | Textos Livres"},"content":{"rendered":"<h2><span style=\"color: #ff6600;\">Volume 16, N\u00famero 1 | janeiro &#8211; junho de 2024<\/span><\/h2>\n<h5>ISSN: 2175-4705<\/h5>\n<p><a href=\"http:\/\/www.rau.ufscar.br\/wp-content\/uploads\/2025\/07\/Capa_R@U_16-1.png\"><img loading=\"lazy\" decoding=\"async\" class=\"alignnone  wp-image-2084\" src=\"http:\/\/www.rau.ufscar.br\/wp-content\/uploads\/2025\/07\/Capa_R@U_16-1-724x1024.png\" alt=\"Capa_R@U_16-1\" width=\"297\" height=\"421\" srcset=\"https:\/\/www.rau.ufscar.br\/wp-content\/uploads\/2025\/07\/Capa_R@U_16-1-724x1024.png 724w, https:\/\/www.rau.ufscar.br\/wp-content\/uploads\/2025\/07\/Capa_R@U_16-1-212x300.png 212w, https:\/\/www.rau.ufscar.br\/wp-content\/uploads\/2025\/07\/Capa_R@U_16-1-706x999.png 706w, https:\/\/www.rau.ufscar.br\/wp-content\/uploads\/2025\/07\/Capa_R@U_16-1.png 1414w\" sizes=\"auto, (max-width: 297px) 100vw, 297px\" \/><\/a><\/p>\n<h4>Baixar edi\u00e7\u00e3o completa [<a href=\"http:\/\/www.rau.ufscar.br\/wp-content\/uploads\/2025\/07\/R@U_16-1_completa.pdf\" target=\"_blank\">PDF<\/a>]<\/h4>\n<h4>Sum\u00e1rio\u00a0[<a href=\"http:\/\/www.rau.ufscar.br\/wp-content\/uploads\/2025\/07\/R@U_16-1_sumario.pdf\" target=\"_blank\">PDF<\/a>]<\/h4>\n<hr \/>\n<h4><span style=\"color: #ffffff;\">_<\/span><\/h4>\n<h3><span style=\"color: #ff6600;\">Textos Livres<\/span><\/h3>\n<h4><span style=\"color: #ff6600;\"><strong>Artigos<\/strong><\/span><\/h4>\n<h4><\/h4>\n<h4><span class=\"fontstyle0\">(Re)abrir arquivos, suspeitar dos cortes: pol\u00edtica penal e expans\u00e3o carcer\u00e1ria dos Governos Militares (1964-1978)\u00a0<\/span>[<a href=\"http:\/\/www.rau.ufscar.br\/wp-content\/uploads\/2025\/07\/R@U_16-1_01.pdf\" target=\"_blank\">PDF<\/a>]<\/h4>\n<p style=\"padding-left: 30px;\">Adalton Marques<\/p>\n<h4><span class=\"fontstyle0\"><span class=\"fontstyle0\">A fluidez do conceito de f\u00e1rmaco: do ensaio cl\u00ednico \u00e0 rela\u00e7\u00e3o m\u00e9dico-paciente\u00a0<\/span><\/span>[<a href=\"http:\/\/www.rau.ufscar.br\/wp-content\/uploads\/2025\/07\/R@U_16-1_02.pdf\" target=\"_blank\">PDF<\/a>]<\/h4>\n<p style=\"padding-left: 30px;\">Caio Maximino<\/p>\n<h4><span class=\"fontstyle0\">Funda\u00e7\u00f5es de aldeias do Povo Terena: imagens de uma sociologia ind\u00edgena\u00a0<\/span>[<a href=\"http:\/\/www.rau.ufscar.br\/wp-content\/uploads\/2025\/07\/R@U_16-1_03.pdf\" target=\"_blank\">PDF<\/a>]<\/h4>\n<p style=\"padding-left: 30px;\">Augusto Ventura dos Santos<\/p>\n<h4><span class=\"fontstyle0\">O cuidado desnatura(liza)do: relatos e reflex\u00f5es a partir de experi\u00eancias no trabalho em sa\u00fade com fam\u00edlias atravessadas pelo c\u00e1rcere\u00a0<\/span>[<a href=\"http:\/\/www.rau.ufscar.br\/wp-content\/uploads\/2025\/07\/R@U_16-1_04.pdf\" target=\"_blank\">PDF<\/a>]<\/h4>\n<p style=\"padding-left: 30px;\">Najla da Cunha El Jundi e Roberta Fin Motta<\/p>\n<h4><span class=\"fontstyle0\">Os esp\u00edritos e o virtual: um experimento etnogr\u00e1fico de tradu\u00e7\u00e3o com o kuj\u00e0 kaingang Jocemar K\u00e3ka H\u00e1 sobre cosmologia e a pandemia de covid-19\u00a0<\/span>[<a href=\"http:\/\/www.rau.ufscar.br\/wp-content\/uploads\/2025\/07\/R@U_16-1_05.pdf\" target=\"_blank\">PDF<\/a>]<\/h4>\n<p style=\"padding-left: 30px;\">Pedro Paulo Valerio Vaz<\/p>\n<h4><span class=\"fontstyle0\">Mirando uma Ecologia da Vida: crian\u00e7as, ayahuasca e crise clim\u00e1tica\u00a0<\/span>[<a href=\"http:\/\/www.rau.ufscar.br\/wp-content\/uploads\/2025\/07\/R@U_16-1_06.pdf\" target=\"_blank\">PDF<\/a>]<\/h4>\n<p style=\"padding-left: 30px;\">Matheus Lopes Hengles<\/p>\n<p>&nbsp;<\/p>\n<hr \/>\n<h4><span style=\"color: #ff6600;\">Caderno de imagens<\/span><\/h4>\n<h4><span class=\"fontstyle0\"><span class=\"fontstyle0\"><span class=\"fontstyle0\">World Dog Show: esp\u00e9cies companheiras e responsabilidade no maior evento de exposi\u00e7\u00e3o canina do mundo\u00a0<\/span><\/span><\/span>[<a href=\"http:\/\/www.rau.ufscar.br\/wp-content\/uploads\/2025\/07\/R@U_16-1_07.pdf\" target=\"_blank\">PDF<\/a>]<\/h4>\n<p style=\"padding-left: 30px;\">Alana Pacheco dos Reis Verani<\/p>\n<h4><\/h4>\n<p>&nbsp;<\/p>\n<hr \/>\n<h4>\u00a0<span style=\"color: #ff6600;\">Resenhas<\/span><\/h4>\n<h4><span class=\"fontstyle0\"><span class=\"fontstyle0\"><span class=\"fontstyle0\">Silva, Vagner Gon\u00e7alves da (2022). Exu: um Deus Afro-atl\u00e2ntico no Brasil. S\u00e3o Paulo: Editora da Universidade de S\u00e3o Paulo.<br \/>\n<\/span><\/span><\/span>[<a href=\"http:\/\/www.rau.ufscar.br\/wp-content\/uploads\/2025\/07\/R@U_16-1_08.pdf\" target=\"_blank\">PDF<\/a>]<\/h4>\n<p style=\"padding-left: 30px;\">Julia Aparecida Rodrigues da silva<\/p>\n<h4><span class=\"fontstyle0\">Perutti, Daniela (2022). Tecer amizade, habitar o deserto: territ\u00f3rio e pol\u00edtica no Quilombo Fam\u00edlia Magalh\u00e3es. S\u00e3o Paulo: Editora da Universidade de S\u00e3o Paulo.\u00a0<\/span>[<a href=\"http:\/\/www.rau.ufscar.br\/wp-content\/uploads\/2025\/07\/R@U_16-1_09.pdf\" target=\"_blank\">PDF<\/a>]<\/h4>\n<p style=\"padding-left: 30px;\">Daiane da Fonseca Pereira<\/p>\n<h4><span class=\"fontstyle0\">Nunes, Rodrigo (2023). Nem vertical nem horizontal: uma teoria da organiza\u00e7\u00e3o pol\u00edtica. S\u00e3o Paulo: Ubu Editora.\u00a0<\/span>[<a href=\"http:\/\/www.rau.ufscar.br\/wp-content\/uploads\/2025\/07\/R@U_16-1_10.pdf\" target=\"_blank\">PDF<\/a>]<\/h4>\n<p style=\"padding-left: 30px;\">Thor Jo\u00e3o de Sousa Veras<\/p>\n<h4><span class=\"fontstyle0\">Machado, Giancarlo Marques Carraro (2022). A cidade do skate: sobre os desafios da citadinidade. S\u00e3o Paulo: Hucitec.\u00a0<\/span>[<a href=\"http:\/\/www.rau.ufscar.br\/wp-content\/uploads\/2025\/07\/R@U_16-1_11.pdf\" target=\"_blank\">PDF<\/a>]<\/h4>\n<p style=\"padding-left: 30px;\">Gabriel Moreira Monteiro Bocchi<\/p>\n<h4><span class=\"fontstyle0\">Canclini, N\u00e9stor Garc\u00eda; Brizuela, Juan Ignacio; Melo, Sharine Machado C. &amp; Matadamas, Mariana Mart\u00ednez (2022). Emerg\u00eancias culturais: institui\u00e7\u00f5es, criadores e comunidades no Brasil e no M\u00e9xico. S\u00e3o Paulo: Instituto de Estudos Avan\u00e7ados\/Editora da Universidade de S\u00e3o Paulo. <\/span>[<a href=\"http:\/\/www.rau.ufscar.br\/wp-content\/uploads\/2025\/07\/R@U_16-1_12.pdf\" target=\"_blank\">PDF<\/a>]<\/h4>\n<p style=\"padding-left: 30px;\">Geslline Giovana Braga<\/p>\n<h4><span class=\"fontstyle0\">Ferdinand, Malcom (2022). Uma ecologia decolonial: pensar a partir do mundo caribenho. S\u00e3o Paulo: Ubu Editora. <\/span>[<a href=\"http:\/\/www.rau.ufscar.br\/wp-content\/uploads\/2025\/07\/R@U_16-1_13.pdf\" target=\"_blank\">PDF<\/a>]<\/h4>\n<p style=\"padding-left: 30px;\">Marci Jean Pereira Santana<\/p>\n<hr \/>\n<p><img loading=\"lazy\" decoding=\"async\" class=\"alignnone wp-image-277\" src=\"http:\/\/www.rau.ufscar.br\/wp-content\/uploads\/2015\/05\/rotate.php_-300x262.jpg\" alt=\"rotate.php\" width=\"200\" height=\"175\" srcset=\"https:\/\/www.rau.ufscar.br\/wp-content\/uploads\/2015\/05\/rotate.php_-300x262.jpg 300w, https:\/\/www.rau.ufscar.br\/wp-content\/uploads\/2015\/05\/rotate.php_.jpg 306w\" sizes=\"auto, (max-width: 200px) 100vw, 200px\" \/>\u00a0<img loading=\"lazy\" decoding=\"async\" class=\"alignnone wp-image-278\" src=\"http:\/\/www.rau.ufscar.br\/wp-content\/uploads\/2015\/05\/UFSCar-300x219.jpg\" alt=\"UFSCar\" width=\"200\" height=\"146\" srcset=\"https:\/\/www.rau.ufscar.br\/wp-content\/uploads\/2015\/05\/UFSCar-300x219.jpg 300w, https:\/\/www.rau.ufscar.br\/wp-content\/uploads\/2015\/05\/UFSCar-1024x746.jpg 1024w, https:\/\/www.rau.ufscar.br\/wp-content\/uploads\/2015\/05\/UFSCar-788x574.jpg 788w\" sizes=\"auto, (max-width: 200px) 100vw, 200px\" \/><\/p>\n<hr \/>\n<p>Indexadores:<\/p>\n<p><img loading=\"lazy\" decoding=\"async\" class=\"alignnone wp-image-275\" src=\"http:\/\/www.rau.ufscar.br\/wp-content\/uploads\/2015\/05\/latindex-300x101.jpg\" alt=\"latindex\" width=\"150\" height=\"50\" srcset=\"https:\/\/www.rau.ufscar.br\/wp-content\/uploads\/2015\/05\/latindex-300x101.jpg 300w, https:\/\/www.rau.ufscar.br\/wp-content\/uploads\/2015\/05\/latindex-788x265.jpg 788w, https:\/\/www.rau.ufscar.br\/wp-content\/uploads\/2015\/05\/latindex.jpg 798w\" sizes=\"auto, (max-width: 150px) 100vw, 150px\" \/><\/p>\n<p><img loading=\"lazy\" decoding=\"async\" class=\"alignnone wp-image-276\" src=\"http:\/\/www.rau.ufscar.br\/wp-content\/uploads\/2015\/05\/logo.png\" alt=\"logo\" width=\"150\" height=\"65\" \/><\/p>\n<p>&nbsp;<\/p>\n","protected":false},"excerpt":{"rendered":"<p>Volume 16, N\u00famero 1 | janeiro &#8211; junho de 2024 ISSN: 2175-4705 Baixar edi\u00e7\u00e3o completa [PDF] Sum\u00e1rio\u00a0[PDF] _ Textos Livres Artigos (Re)abrir arquivos, suspeitar dos cortes: pol\u00edtica penal e expans\u00e3o carcer\u00e1ria dos Governos Militares (1964-1978)\u00a0[PDF] Adalton Marques A fluidez do conceito de f\u00e1rmaco: do ensaio cl\u00ednico \u00e0 rela\u00e7\u00e3o m\u00e9dico-paciente\u00a0[PDF] Caio Maximino Funda\u00e7\u00f5es de aldeias do [&hellip;]<\/p>\n","protected":false},"author":1,"featured_media":0,"comment_status":"closed","ping_status":"closed","sticky":false,"template":"","format":"standard","meta":{"footnotes":""},"categories":[1],"tags":[],"class_list":["post-2081","post","type-post","status-publish","format-standard","hentry","category-uncategorized"],"_links":{"self":[{"href":"https:\/\/www.rau.ufscar.br\/index.php?rest_route=\/wp\/v2\/posts\/2081","targetHints":{"allow":["GET"]}}],"collection":[{"href":"https:\/\/www.rau.ufscar.br\/index.php?rest_route=\/wp\/v2\/posts"}],"about":[{"href":"https:\/\/www.rau.ufscar.br\/index.php?rest_route=\/wp\/v2\/types\/post"}],"author":[{"embeddable":true,"href":"https:\/\/www.rau.ufscar.br\/index.php?rest_route=\/wp\/v2\/users\/1"}],"replies":[{"embeddable":true,"href":"https:\/\/www.rau.ufscar.br\/index.php?rest_route=%2Fwp%2Fv2%2Fcomments&post=2081"}],"version-history":[{"count":5,"href":"https:\/\/www.rau.ufscar.br\/index.php?rest_route=\/wp\/v2\/posts\/2081\/revisions"}],"predecessor-version":[{"id":2089,"href":"https:\/\/www.rau.ufscar.br\/index.php?rest_route=\/wp\/v2\/posts\/2081\/revisions\/2089"}],"wp:attachment":[{"href":"https:\/\/www.rau.ufscar.br\/index.php?rest_route=%2Fwp%2Fv2%2Fmedia&parent=2081"}],"wp:term":[{"taxonomy":"category","embeddable":true,"href":"https:\/\/www.rau.ufscar.br\/index.php?rest_route=%2Fwp%2Fv2%2Fcategories&post=2081"},{"taxonomy":"post_tag","embeddable":true,"href":"https:\/\/www.rau.ufscar.br\/index.php?rest_route=%2Fwp%2Fv2%2Ftags&post=2081"}],"curies":[{"name":"wp","href":"https:\/\/api.w.org\/{rel}","templated":true}]}}