{"id":1659,"date":"2021-03-15T21:58:37","date_gmt":"2021-03-15T21:58:37","guid":{"rendered":"http:\/\/www.rau.ufscar.br\/?p=1659"},"modified":"2021-04-20T23:28:13","modified_gmt":"2021-04-20T23:28:13","slug":"volume-12-numero-2-2020-dossie-etnografia-e-o-desafio-da-grafia","status":"publish","type":"post","link":"https:\/\/www.rau.ufscar.br\/?p=1659","title":{"rendered":"Volume 12, n\u00famero 2 | 2020 | Dossi\u00ea: Etnografia e o desafio da Grafia"},"content":{"rendered":"<div>\n<h2><span style=\"color: #ff6600;\">Volume 12, N\u00famero 2 |\u00a0julho &#8211; dezembro de 2020<\/span><\/h2>\n<h5>ISSN: 2175-4705<\/h5>\n<div data-url=\"https:\/\/issuu.com\/raufscar\/docs\/r_u_12-2\" style=\"width: 788px; height: 558px;\" class=\"issuuembed\"><\/div>\n<p><script type=\"text\/javascript\" src=\"\/\/e.issuu.com\/embed.js\" async=\"true\"><\/script><\/p>\n<\/div>\n<h4>Baixar edi\u00e7\u00e3o completa [<a href=\"http:\/\/www.rau.ufscar.br\/wp-content\/uploads\/2021\/03\/R@U_12-21.pdf\" target=\"_blank\">PDF<\/a>]<\/h4>\n<h4>Sum\u00e1rio\u00a0[<a href=\"http:\/\/www.rau.ufscar.br\/wp-content\/uploads\/2021\/03\/Sumario.pdf\" target=\"_blank\">PDF<\/a>]<\/h4>\n<hr \/>\n<h4><span style=\"color: #ffffff;\">_<\/span><\/h4>\n<h3><span style=\"color: #ff6600;\">Dossi\u00ea: Etnografia e o desafio da Grafia<\/span><\/h3>\n<h4><span style=\"color: #ffffff;\">_<\/span><\/h4>\n<h4><span style=\"color: #ff6600;\"><strong>Apresenta\u00e7\u00e3o<\/strong><\/span><\/h4>\n<h4>Etnografia e o desafio da Grafia [<a href=\"http:\/\/www.rau.ufscar.br\/wp-content\/uploads\/2021\/03\/1.pdf\" target=\"_blank\">PDF<\/a>]<\/h4>\n<p style=\"padding-left: 30px;\"><span class=\"fontstyle0\">Fabiana Bruno e\u00a0 <span class=\"fontstyle0\">Mariana da Costa A. Petroni<\/span><br \/>\n<\/span><\/p>\n<h4><span style=\"color: #ff6600;\"><strong>Artigos<\/strong><\/span><\/h4>\n<h4><span class=\"fontstyle0\"><span class=\"fontstyle0\"> <span class=\"fontstyle0\">As grafias\u00a0<\/span><\/span><\/span><span class=\"fontstyle0\">&#8211;\u00a0<\/span><span class=\"fontstyle0\"><span class=\"fontstyle0\"><span class=\"fontstyle0\">tra\u00e7os, <\/span><span class=\"fontstyle0\">linhas, escrita, gr\u00e1ficos, desenhos &#8211; como perturba\u00e7\u00e3o no <\/span><span class=\"fontstyle0\">conhecimento antropol\u00f3gico<\/span><\/span>\u00a0<\/span>[<a href=\"http:\/\/www.rau.ufscar.br\/wp-content\/uploads\/2021\/03\/2.pdf\" target=\"_blank\">PDF<\/a>]<\/h4>\n<p style=\"padding-left: 30px;\"><span class=\"fontstyle0\">Suely Kofes<\/span><\/p>\n<h4><span class=\"fontstyle0\">De uma trajet\u00f3ria desenhada \u00e0s experimenta\u00e7\u00f5es etnogr\u00e1ficas\u00a0<\/span>[<a href=\"http:\/\/www.rau.ufscar.br\/wp-content\/uploads\/2021\/03\/3.pdf\" target=\"_blank\">PDF<\/a>]<\/h4>\n<p style=\"padding-left: 30px;\"><span class=\"fontstyle0\">Aina Azevedo<\/span><\/p>\n<h4><span class=\"fontstyle0\">A vida das Rendas de Bilros<\/span><span class=\"fontstyle0\">\u00a0<\/span><span class=\"fontstyle0\">em Ilha Grande, Piau\u00ed\u00a0<\/span>[<a href=\"http:\/\/www.rau.ufscar.br\/wp-content\/uploads\/2021\/03\/4.pdf\" target=\"_blank\">PDF<\/a>]<\/h4>\n<p style=\"padding-left: 30px;\"><span class=\"fontstyle0\">Ana Carolina de Campos Almeida<\/span><\/p>\n<h4><span class=\"fontstyle0\"> <span class=\"fontstyle0\">Em busca de uma vis\u00e3o, em busca de uma grafia<\/span><\/span>\u00a0[<a href=\"http:\/\/www.rau.ufscar.br\/wp-content\/uploads\/2021\/03\/5.pdf\" target=\"_blank\">PDF<\/a>]<\/h4>\n<p style=\"padding-left: 30px;\"><span class=\"fontstyle0\">Rodrigo Iamarino Caravita<\/span><\/p>\n<h4><span class=\"fontstyle0\">Escalas e compara\u00e7\u00f5es: sobre efeitos textuais de\u00a0procedimentos de tax\u00f4nomos\u00a0<\/span>[<a href=\"http:\/\/www.rau.ufscar.br\/wp-content\/uploads\/2021\/03\/6.pdf\" target=\"_blank\">PDF<\/a>]<\/h4>\n<p style=\"padding-left: 30px;\"><span class=\"fontstyle0\">Ana Cec\u00edlia Oliveira Campo<\/span><\/p>\n<h4><span class=\"fontstyle0\"> <span class=\"fontstyle0\">Sujeitos, narrativas e grafias: reflex\u00f5es sobre etnobiografia e lideran\u00e7a\u00a0<\/span><\/span>[<a href=\"http:\/\/www.rau.ufscar.br\/wp-content\/uploads\/2021\/03\/7.pdf\" target=\"_blank\">PDF<\/a>]<\/h4>\n<p style=\"padding-left: 30px;\"><span class=\"fontstyle0\">Amanda Cristina Danaga<\/span><\/p>\n<h4><span class=\"fontstyle0\"> <span class=\"fontstyle0\">Fazendo corpos e parentes: como grafar cotidianos?<\/span>\u00a0<\/span>[<a href=\"http:\/\/www.rau.ufscar.br\/wp-content\/uploads\/2021\/03\/8.pdf\" target=\"_blank\">PDF<\/a>]<\/h4>\n<p style=\"padding-left: 30px;\"><span class=\"fontstyle0\">Carolina Perini de Almeida e\u00a0\u00a0<span class=\"fontstyle0\">C\u00edntia Engel<\/span><\/span><\/p>\n<h4><span class=\"fontstyle0\"> <span class=\"fontstyle0\">Gloss\u00e1rio verbo-visual e suas m\u00faltiplas grafias\u00a0<\/span><\/span>[<a href=\"http:\/\/www.rau.ufscar.br\/wp-content\/uploads\/2021\/03\/9.pdf\" target=\"_blank\">PDF<\/a>]<\/h4>\n<p style=\"padding-left: 30px;\"><span class=\"fontstyle0\">Alexs\u00e2nder Naka\u00f3ka Elias<\/span><\/p>\n<h4><\/h4>\n<hr \/>\n<h4><\/h4>\n<h4><span style=\"color: #ff6600;\"><strong>Artigos<\/strong><\/span><\/h4>\n<h4><span class=\"fontstyle0\"> <span class=\"fontstyle0\">Confessando o estranho: hegemonia, \u00e9thos americano e a coloniza\u00e7\u00e3o lusitana a partir de documentos do Santo Of\u00edcio da Inquisi\u00e7\u00e3o de Lisboa no findar do s\u00e9culo XVI\u00a0<\/span><\/span>[<a href=\"http:\/\/www.rau.ufscar.br\/wp-content\/uploads\/2021\/03\/10.pdf\" target=\"_blank\">PDF<\/a>]<\/h4>\n<p style=\"padding-left: 30px;\"><span class=\"fontstyle0\">Martiniano Sardeiro de Alc\u00e2ntara Neto<\/span><\/p>\n<h4><span class=\"fontstyle0\"> <span class=\"fontstyle0\">Corpos e belezas trans invadem a cidade: brechas desejantes de corpografias\u00a0<\/span><\/span>[<a href=\"http:\/\/www.rau.ufscar.br\/wp-content\/uploads\/2021\/03\/111.pdf\">PDF<\/a>]<\/h4>\n<p style=\"padding-left: 30px;\"><span class=\"fontstyle0\">Josefina de Fatima Tranquilin-Silva<\/span><\/p>\n<h4><span class=\"fontstyle0\"> <span class=\"fontstyle0\">A agroecologia entre a t\u00e9cnica e a \u00e9tica: experi\u00eancias de trabalhadoras rurais em um assentamento no Cear\u00e1\u00a0<\/span><\/span>[<a href=\"http:\/\/www.rau.ufscar.br\/wp-content\/uploads\/2021\/03\/12.pdf\" target=\"_blank\">PDF<\/a>]<\/h4>\n<p style=\"padding-left: 30px;\"><span class=\"fontstyle0\">Vit\u00f3ria de F\u00e1tima dos Santos Sousa e\u00a0 <span class=\"fontstyle0\">Jorge Luan Teixeira<\/span><\/span><\/p>\n<h4><\/h4>\n<hr \/>\n<h4><span style=\"color: #ff6600;\">Caderno de Imagens<\/span><\/h4>\n<h4><span class=\"fontstyle0\"> <span class=\"fontstyle0\">Travessia do sens\u00edvel pelos rios Xingu e Amazonas\u00a0<\/span><\/span>[<a href=\"http:\/\/www.rau.ufscar.br\/wp-content\/uploads\/2021\/03\/13.pdf\" target=\"_blank\">PDF<\/a>]<\/h4>\n<p style=\"padding-left: 30px;\"><span class=\"fontstyle0\">Ralyanara Moreira Freire<\/span><\/p>\n<h4><\/h4>\n<hr \/>\n<h4><span style=\"color: #ff6600;\">Tradu\u00e7\u00e3o<\/span><\/h4>\n<h4><span class=\"fontstyle0\"><span class=\"fontstyle0\">KIRKSEY, S. Eben; HELMREICH, Stefan. 2010. &#8220;The emergence of multispecies ethnography<\/span><\/span><span class=\"fontstyle0\"><span class=\"fontstyle0\">&#8220;. In: Cultural Anthropology, vol. 25, n. 4, pp. 545-576.<\/span>\u00a0<\/span>[<a href=\"http:\/\/www.rau.ufscar.br\/wp-content\/uploads\/2021\/03\/14.pdf\" target=\"_blank\">PDF<\/a>]<\/h4>\n<p style=\"padding-left: 30px;\"><span class=\"fontstyle0\">Felipe F. Vander Velden e\u00a0 <span class=\"fontstyle0\">Thiago Mota Cardoso<\/span><\/span><\/p>\n<hr \/>\n<h4><span style=\"color: #ff6600;\">Resenhas<\/span><\/h4>\n<h4><span class=\"fontstyle0\"> <span class=\"fontstyle0\">BEAUDET, Jean-Michel; com participa\u00e7\u00e3o de PAWE, Jacky. 2017. Dan\u00e7aremos at\u00e9 o amanhecer: uma etnologia movimentada na Amaz\u00f4nia. S\u00e3o Paulo, Editora da Universidade de S\u00e3o Paulo.\u00a0<\/span>[<a href=\"http:\/\/www.rau.ufscar.br\/wp-content\/uploads\/2021\/03\/15.pdf\" target=\"_blank\">PDF<\/a><\/span>]<\/h4>\n<p style=\"padding-left: 30px;\"><span class=\"fontstyle0\"> <span class=\"fontstyle0\">Lucas Cimbaluk<\/span><br \/>\n<\/span><\/p>\n<h4><span class=\"fontstyle0\"><span class=\"fontstyle0\"> <span class=\"fontstyle0\">OYE<\/span><span class=\"fontstyle1\">\u030c<\/span><span class=\"fontstyle0\">W\u00d9M\u00cd, Oy\u00e8r\u00f3nk<\/span><span class=\"fontstyle1\">\u1eb9\u0301<\/span><span class=\"fontstyle0\">. 2017. La invenci\u00f3n de las mujeres: Una perspectiva africana sobre los discursos occidentales del g\u00e9nero. Bogot\u00e1: en la frontera.\u00a0<\/span><\/span>[<a href=\"http:\/\/www.rau.ufscar.br\/wp-content\/uploads\/2021\/03\/16.pdf\" target=\"_blank\">PDF<\/a><\/span>]<\/h4>\n<p style=\"padding-left: 30px;\"><span class=\"fontstyle0\">Francine Pereira Rebelo e\u00a0 <span class=\"fontstyle0\">Jo\u00e3o Pedro A. Balduino<\/span><\/span><\/p>\n<h4><span class=\"fontstyle0\"><span class=\"fontstyle0\"> <span class=\"fontstyle0\">Irving, Andrew. The art of life and death: radical aesthetics and ethnographic practice. Chicago: HAU, 2017\u00a0<\/span><\/span>[<a href=\"http:\/\/www.rau.ufscar.br\/wp-content\/uploads\/2021\/03\/17.pdf\" target=\"_blank\">PDF<\/a><\/span>]<\/h4>\n<p style=\"padding-left: 30px;\"><span class=\"fontstyle0\">Ana Paula Luna Sales<\/span><\/p>\n<hr \/>\n<p><img loading=\"lazy\" decoding=\"async\" class=\"alignnone wp-image-277\" src=\"http:\/\/www.rau.ufscar.br\/wp-content\/uploads\/2015\/05\/rotate.php_-300x262.jpg\" alt=\"rotate.php\" width=\"200\" height=\"175\" srcset=\"https:\/\/www.rau.ufscar.br\/wp-content\/uploads\/2015\/05\/rotate.php_-300x262.jpg 300w, https:\/\/www.rau.ufscar.br\/wp-content\/uploads\/2015\/05\/rotate.php_.jpg 306w\" sizes=\"auto, (max-width: 200px) 100vw, 200px\" \/>\u00a0<img loading=\"lazy\" decoding=\"async\" class=\"alignnone wp-image-278\" src=\"http:\/\/www.rau.ufscar.br\/wp-content\/uploads\/2015\/05\/UFSCar-300x219.jpg\" alt=\"UFSCar\" width=\"200\" height=\"146\" srcset=\"https:\/\/www.rau.ufscar.br\/wp-content\/uploads\/2015\/05\/UFSCar-300x219.jpg 300w, https:\/\/www.rau.ufscar.br\/wp-content\/uploads\/2015\/05\/UFSCar-1024x746.jpg 1024w, https:\/\/www.rau.ufscar.br\/wp-content\/uploads\/2015\/05\/UFSCar-788x574.jpg 788w\" sizes=\"auto, (max-width: 200px) 100vw, 200px\" \/><\/p>\n<hr \/>\n<p>Indexadores:<\/p>\n<p><img loading=\"lazy\" decoding=\"async\" class=\"alignnone wp-image-275\" src=\"http:\/\/www.rau.ufscar.br\/wp-content\/uploads\/2015\/05\/latindex-300x101.jpg\" alt=\"latindex\" width=\"150\" height=\"50\" srcset=\"https:\/\/www.rau.ufscar.br\/wp-content\/uploads\/2015\/05\/latindex-300x101.jpg 300w, https:\/\/www.rau.ufscar.br\/wp-content\/uploads\/2015\/05\/latindex-788x265.jpg 788w, https:\/\/www.rau.ufscar.br\/wp-content\/uploads\/2015\/05\/latindex.jpg 798w\" sizes=\"auto, (max-width: 150px) 100vw, 150px\" \/><\/p>\n<p><img loading=\"lazy\" decoding=\"async\" class=\"alignnone wp-image-276\" src=\"http:\/\/www.rau.ufscar.br\/wp-content\/uploads\/2015\/05\/logo.png\" alt=\"logo\" width=\"150\" height=\"65\" \/><\/p>\n","protected":false},"excerpt":{"rendered":"<p>Volume 12, N\u00famero 2 |\u00a0julho &#8211; dezembro de 2020 ISSN: 2175-4705 Baixar edi\u00e7\u00e3o completa [PDF] Sum\u00e1rio\u00a0[PDF] _ Dossi\u00ea: Etnografia e o desafio da Grafia _ Apresenta\u00e7\u00e3o Etnografia e o desafio da Grafia [PDF] Fabiana Bruno e\u00a0 Mariana da Costa A. Petroni Artigos As grafias\u00a0&#8211;\u00a0tra\u00e7os, linhas, escrita, gr\u00e1ficos, desenhos &#8211; como perturba\u00e7\u00e3o no conhecimento antropol\u00f3gico\u00a0[PDF] Suely [&hellip;]<\/p>\n","protected":false},"author":1,"featured_media":1688,"comment_status":"closed","ping_status":"closed","sticky":false,"template":"","format":"standard","meta":{"footnotes":""},"categories":[1],"tags":[],"class_list":["post-1659","post","type-post","status-publish","format-standard","has-post-thumbnail","hentry","category-uncategorized"],"_links":{"self":[{"href":"https:\/\/www.rau.ufscar.br\/index.php?rest_route=\/wp\/v2\/posts\/1659","targetHints":{"allow":["GET"]}}],"collection":[{"href":"https:\/\/www.rau.ufscar.br\/index.php?rest_route=\/wp\/v2\/posts"}],"about":[{"href":"https:\/\/www.rau.ufscar.br\/index.php?rest_route=\/wp\/v2\/types\/post"}],"author":[{"embeddable":true,"href":"https:\/\/www.rau.ufscar.br\/index.php?rest_route=\/wp\/v2\/users\/1"}],"replies":[{"embeddable":true,"href":"https:\/\/www.rau.ufscar.br\/index.php?rest_route=%2Fwp%2Fv2%2Fcomments&post=1659"}],"version-history":[{"count":9,"href":"https:\/\/www.rau.ufscar.br\/index.php?rest_route=\/wp\/v2\/posts\/1659\/revisions"}],"predecessor-version":[{"id":1693,"href":"https:\/\/www.rau.ufscar.br\/index.php?rest_route=\/wp\/v2\/posts\/1659\/revisions\/1693"}],"wp:featuredmedia":[{"embeddable":true,"href":"https:\/\/www.rau.ufscar.br\/index.php?rest_route=\/wp\/v2\/media\/1688"}],"wp:attachment":[{"href":"https:\/\/www.rau.ufscar.br\/index.php?rest_route=%2Fwp%2Fv2%2Fmedia&parent=1659"}],"wp:term":[{"taxonomy":"category","embeddable":true,"href":"https:\/\/www.rau.ufscar.br\/index.php?rest_route=%2Fwp%2Fv2%2Fcategories&post=1659"},{"taxonomy":"post_tag","embeddable":true,"href":"https:\/\/www.rau.ufscar.br\/index.php?rest_route=%2Fwp%2Fv2%2Ftags&post=1659"}],"curies":[{"name":"wp","href":"https:\/\/api.w.org\/{rel}","templated":true}]}}