{"id":1585,"date":"2020-09-30T15:25:05","date_gmt":"2020-09-30T15:25:05","guid":{"rendered":"http:\/\/www.rau.ufscar.br\/?p=1585"},"modified":"2020-10-01T18:41:29","modified_gmt":"2020-10-01T18:41:29","slug":"volume-12-numero-1-2020-dossie-performance-processos-de-diferenciacao-e-constituicao-de-sujeitos","status":"publish","type":"post","link":"https:\/\/www.rau.ufscar.br\/?p=1585","title":{"rendered":"Volume 12, n\u00famero 1 | 2020 | Dossi\u00ea: Performance, processos de diferencia\u00e7\u00e3o e constitui\u00e7\u00e3o de sujeitos"},"content":{"rendered":"<div>\n<h2><span style=\"color: #ff6600;\">Volume 12, N\u00famero 1 |\u00a0janeiro &#8211; junho de 2020<\/span><\/h2>\n<h5>ISSN: 2175-4705<\/h5>\n<div data-url=\"https:\/\/issuu.com\/raufscar\/docs\/r_u_12-1_d7f82260cd701e\" style=\"width: 788px; height: 557px;\" class=\"issuuembed\"><\/div>\n<p><script type=\"text\/javascript\" src=\"\/\/e.issuu.com\/embed.js\" async=\"true\"><\/script><\/p>\n<\/div>\n<h4>Baixar edi\u00e7\u00e3o completa [<a href=\"http:\/\/www.rau.ufscar.br\/wp-content\/uploads\/2020\/09\/R@U_12-13.pdf\" target=\"_blank\">PDF<\/a>]<\/h4>\n<h4>Sum\u00e1rio\u00a0[<a href=\"http:\/\/www.rau.ufscar.br\/wp-content\/uploads\/2020\/09\/Sumario2.pdf\" target=\"_blank\">PDF<\/a>]<\/h4>\n<hr \/>\n<h4><span style=\"color: #ffffff;\">_<\/span><\/h4>\n<h3><span style=\"color: #ff6600;\">Dossi\u00ea: Performance, processos de diferencia\u00e7\u00e3o e constitui\u00e7\u00e3o de sujeitos<\/span><\/h3>\n<h4><span style=\"color: #ffffff;\">_<\/span><\/h4>\n<h4><span style=\"color: #ff6600;\"><strong>Apresenta\u00e7\u00e3o<\/strong><\/span><\/h4>\n<h4>Performance, processos de diferencia\u00e7\u00e3o e constitui\u00e7\u00e3o de sujeitos [<a href=\"http:\/\/www.rau.ufscar.br\/wp-content\/uploads\/2020\/09\/1.pdf\" target=\"_blank\">PDF<\/a>]<\/h4>\n<p style=\"padding-left: 30px;\">Iracema Dulley e <span class=\"fontstyle0\">Lorena Avellar de Muniagurria<\/span><\/p>\n<h4><span style=\"color: #ff6600;\"><strong>Artigos<\/strong><\/span><\/h4>\n<h4><span class=\"fontstyle0\"> <span class=\"fontstyle0\">A constitui\u00e7\u00e3o de sujeitos frente a interpela\u00e7\u00e3o de \u201cterrorista\u201d: reflex\u00f5es a partir da presen\u00e7a s\u00edria no Brasil<\/span> <\/span>[<a href=\"http:\/\/www.rau.ufscar.br\/wp-content\/uploads\/2020\/09\/2.pdf\" target=\"_blank\">PDF<\/a>]<\/h4>\n<p style=\"padding-left: 30px;\"><span class=\"fontstyle0\">Juliana Carneiro da Silva<\/span><\/p>\n<h4><span class=\"fontstyle0\">Palavras, corpos e cores: dramaturgia e performance em PROJETO bRASIL e PRETO<\/span>\u00a0 [<a href=\"http:\/\/www.rau.ufscar.br\/wp-content\/uploads\/2020\/09\/3.pdf\" target=\"_blank\">PDF<\/a>]<\/h4>\n<p style=\"padding-left: 30px;\"><span class=\"fontstyle0\">Cau\u00ea Kr\u00fcger<\/span><\/p>\n<h4><span class=\"fontstyle0\">Reconvers\u00e3o torcedora: transgress\u00e3o ou um caso de extens\u00e3o simb\u00f3lica?<\/span> [<a href=\"http:\/\/www.rau.ufscar.br\/wp-content\/uploads\/2020\/09\/4.pdf\" target=\"_blank\">PDF<\/a>]<\/h4>\n<p style=\"padding-left: 30px;\"><span class=\"fontstyle0\">Luiz Henrique de Toledo<\/span><\/p>\n<h4><span class=\"fontstyle0\">\u201cSofrimento \u00e9 mato, cora\u00e7\u00e3o em peda\u00e7os\u201d: performatividades e masculinidades na m\u00fasica sertaneja<\/span> [<a href=\"http:\/\/www.rau.ufscar.br\/wp-content\/uploads\/2020\/09\/5.pdf\" target=\"_blank\">PDF<\/a>]<\/h4>\n<p style=\"padding-left: 30px;\"><span class=\"fontstyle0\">Matheus Fran\u00e7a<\/span><\/p>\n<h4><span class=\"fontstyle0\">Instabilidades constitutivas: g\u00eaneros amer\u00edndios e euramericanos<\/span> [<a href=\"http:\/\/www.rau.ufscar.br\/wp-content\/uploads\/2020\/09\/6.pdf\" target=\"_blank\">PDF<\/a>]<\/h4>\n<p style=\"padding-left: 30px;\"><span class=\"fontstyle0\">Bru Pereira de Araujo<\/span><\/p>\n<h4><span class=\"fontstyle0\">Pol\u00edtica da reclus\u00e3o: chefia e fabrica\u00e7\u00e3o de corpos no Alto Xingu\u00a0<\/span>[<a href=\"http:\/\/www.rau.ufscar.br\/wp-content\/uploads\/2020\/09\/7.pdf\" target=\"_blank\">PDF<\/a>]<\/h4>\n<p style=\"padding-left: 30px;\"><span class=\"fontstyle0\">Carlos Eduardo Costa<\/span><\/p>\n<h4><\/h4>\n<h4><\/h4>\n<hr \/>\n<h4><\/h4>\n<h4><span style=\"color: #ff6600;\"><strong>Artigos<\/strong><\/span><\/h4>\n<h4><span class=\"fontstyle0\"> <span class=\"fontstyle0\">Cuidados, bem-estar animal e t\u00e9cnicas de enriquecimento: rela\u00e7\u00f5es entre humanos e animais em um zool\u00f3gico na Amaz\u00f4nia<\/span> <\/span>[<a href=\"http:\/\/www.rau.ufscar.br\/wp-content\/uploads\/2020\/09\/8.pdf\" target=\"_blank\">PDF<\/a>]<\/h4>\n<p style=\"padding-left: 30px;\"><span class=\"fontstyle0\">Matheus Henrique Pereira da Silva<\/span><\/p>\n<h4><span class=\"fontstyle0\"> <span class=\"fontstyle0\">Imita\u00e7\u00e3o e transforma\u00e7\u00e3o ou a criatividade Macuxi<\/span> <\/span>[<a href=\"http:\/\/www.rau.ufscar.br\/wp-content\/uploads\/2020\/09\/9.pdf\" target=\"_blank\">PDF<\/a>]<\/h4>\n<p style=\"padding-left: 30px;\"><span class=\"fontstyle0\">Felipe Munhoz Martins Fernandes<\/span><\/p>\n<h4><span class=\"fontstyle0\"> <span class=\"fontstyle0\">Para o l\u00e9xico da toler\u00e2ncia: contribui\u00e7\u00e3o de um verbo grego antigo<\/span> <\/span>[<a href=\"http:\/\/www.rau.ufscar.br\/wp-content\/uploads\/2020\/09\/10.pdf\" target=\"_blank\">PDF<\/a>]<\/h4>\n<p style=\"padding-left: 30px;\"><span class=\"fontstyle0\">Delcides Marques<\/span><\/p>\n<h4><span class=\"fontstyle0\"> <span class=\"fontstyle0\">Aculturalidade e hiperculturalidade: entre saberes e cren\u00e7as em um servi\u00e7o de sa\u00fade mental para imigrantes e refugiadas<\/span> <\/span>[<a href=\"http:\/\/www.rau.ufscar.br\/wp-content\/uploads\/2020\/09\/11.pdf\" target=\"_blank\">PDF<\/a>]<\/h4>\n<p style=\"padding-left: 30px;\"><span class=\"fontstyle0\">Alexandre Branco Pereira<\/span><\/p>\n<h4><span class=\"fontstyle0\"> <span class=\"fontstyle0\">&#8220;Ningu\u00e9m vem ao mundo a passeio&#8221;: notas sobre sacerd\u00f3cio feminino, cura e cuidado em terreiros de &#8220;umbanda tra\u00e7ada&#8221;<\/span> <\/span>[<a href=\"http:\/\/www.rau.ufscar.br\/wp-content\/uploads\/2020\/09\/12.pdf\" target=\"_blank\">PDF<\/a>]<\/h4>\n<p style=\"padding-left: 30px;\"><span class=\"fontstyle0\">Janderson Bax Carneiro; S\u00f4nia Maria Giacomini<\/span><\/p>\n<h4><span class=\"fontstyle0\"> <span class=\"fontstyle0\">Rede, h\u00edbrido, n\u00e3o-humano: o Programa Bolsa-Fam\u00edlia em perspectiva<\/span> <\/span>[<a href=\"http:\/\/www.rau.ufscar.br\/wp-content\/uploads\/2020\/09\/13.pdf\" target=\"_blank\">PDF<\/a>]<\/h4>\n<p style=\"padding-left: 30px;\"><span class=\"fontstyle0\">Guilherme de Matos Floriano; Renata Medeiros Paoliello<\/span><\/p>\n<hr \/>\n<h4><span style=\"color: #ff6600;\">Cadernos de Imagens<\/span><\/h4>\n<h4><span class=\"fontstyle0\"> <span class=\"fontstyle0\">De areia, blocos, ONGs e igrejas: o trabalho de reconstru\u00e7\u00e3o p\u00f3sfurac\u00e3o Matthew no departamento da Grand&#8217;Anse (Haiti)<\/span> <\/span>[<a href=\"http:\/\/www.rau.ufscar.br\/wp-content\/uploads\/2020\/09\/14.pdf\" target=\"_blank\">PDF<\/a>]<\/h4>\n<p style=\"padding-left: 30px;\"><span class=\"fontstyle0\">Nad\u00e8ge M\u00e9zi\u00e9<\/span><\/p>\n<h4><span class=\"fontstyle0\"> <span class=\"fontstyle0\">Cerco flutuante: pesca na Ba\u00eda dos Castelhanos, Ilha Bela-SP<\/span> <\/span>[<a href=\"http:\/\/www.rau.ufscar.br\/wp-content\/uploads\/2020\/09\/15.pdf\" target=\"_blank\">PDF<\/a>]<\/h4>\n<p style=\"padding-left: 30px;\"><span class=\"fontstyle0\">Paula Affonso de Araujo Silva<\/span><\/p>\n<h4><span class=\"fontstyle0\"> <span class=\"fontstyle0\">A na\u00e7\u00e3o em verde, branco, vermelho e&#8230; preto: a celebra\u00e7\u00e3o da revolu\u00e7\u00e3o isl\u00e2mica iraniana na atualidade<\/span>\u00a0<\/span>[<a href=\"http:\/\/www.rau.ufscar.br\/wp-content\/uploads\/2020\/09\/16.pdf\" target=\"_blank\">PDF<\/a>]<\/h4>\n<p style=\"padding-left: 30px;\"><span class=\"fontstyle0\">Fabiano Gontijo<\/span><\/p>\n<hr \/>\n<h4><span style=\"color: #ff6600;\">Tradu\u00e7\u00f5es<\/span><\/h4>\n<h4><span class=\"fontstyle0\"> <span class=\"fontstyle0\">SHAH, Alpa. 2017. &#8220;Ethnography? Participant observation, a potentially revolutionary praxis&#8221;. In: HAU &#8211; Journal of Ethnographic Theory, 7(1): 45-59.<\/span> [<a href=\"http:\/\/www.rau.ufscar.br\/wp-content\/uploads\/2020\/09\/17.pdf\" target=\"_blank\">PDF<\/a><\/span>]<\/h4>\n<p style=\"padding-left: 30px;\"><span class=\"fontstyle0\">Lucas Parreira \u00c1lvares; Giovanna Benassi; Ant\u00f4nio Oleg\u00e1rio; Marcos Lanna<\/span><\/p>\n<h4><span class=\"fontstyle0\"> <span class=\"fontstyle0\">STENGERS, Isabelle. 1997. &#8220;La Mal\u00e9diction de la Toler\u00e1nce&#8221;. In: Cosmopolitiques<br \/>\nVII: Pour en Finir Avec la Toler\u00e1nce. Paris: La D\u00e9couverte.<\/span> <\/span>[<a href=\"http:\/\/www.rau.ufscar.br\/wp-content\/uploads\/2020\/09\/18.pdf\" target=\"_blank\">PDF<\/a>]<\/h4>\n<p style=\"padding-left: 30px;\"><span class=\"fontstyle0\">Helena Santos Assun\u00e7\u00e3o<\/span><\/p>\n<hr \/>\n<h4><span style=\"color: #ff6600;\">Resenhas<\/span><\/h4>\n<h4><span class=\"fontstyle0\"><span class=\"fontstyle0\"> <span class=\"fontstyle0\">SHAH, Alpa; (<\/span><span class=\"fontstyle0\">et. al.<\/span><span class=\"fontstyle0\">). 2018. Ground Down by Growth: tribe, caste, class and inequality in twenty-first century India. London: Pluto Press.<\/span><\/span>\u00a0[<a href=\"http:\/\/www.rau.ufscar.br\/wp-content\/uploads\/2020\/09\/19.pdf\" target=\"_blank\">PDF<\/a><\/span>]<\/h4>\n<p style=\"padding-left: 30px;\"><span class=\"fontstyle0\">Lucas Mestrinelli<\/span><\/p>\n<h4><span class=\"fontstyle0\"> <span class=\"fontstyle0\">PRUDENTE, Hugo. 2019. Potuwa pora k\u00f4: O que se guarda no potuwa. Saberes<br \/>\nZo\u2019\u00e9. S\u00e3o Paulo\/Bras\u00edlia: Iep\u00e9 e FPEC\/Funai.\u00a0<\/span>[<a href=\"http:\/\/www.rau.ufscar.br\/wp-content\/uploads\/2020\/09\/20.pdf\" target=\"_blank\">PDF<\/a><\/span>]<\/h4>\n<p style=\"padding-left: 30px;\"><span class=\"fontstyle0\">Miguel Apar\u00edcio<\/span><\/p>\n<h4><span class=\"fontstyle0\"> <span class=\"fontstyle0\">FANDI\u00d1O, Pedro. 2019. Tak Baht: O budismo teravada em prociss\u00e3o. Rio de<br \/>\nJaneiro: EDUFF.\u00a0<\/span>[<a href=\"http:\/\/www.rau.ufscar.br\/wp-content\/uploads\/2020\/09\/21.pdf\" target=\"_blank\">PDF<\/a><\/span>]<\/h4>\n<p style=\"padding-left: 30px;\"><span class=\"fontstyle0\">Alexs\u00e2nder Naka\u00f3ka Elias<\/span><\/p>\n<hr \/>\n<p><img loading=\"lazy\" decoding=\"async\" class=\"alignnone wp-image-277\" src=\"http:\/\/www.rau.ufscar.br\/wp-content\/uploads\/2015\/05\/rotate.php_-300x262.jpg\" alt=\"rotate.php\" width=\"200\" height=\"175\" srcset=\"https:\/\/www.rau.ufscar.br\/wp-content\/uploads\/2015\/05\/rotate.php_-300x262.jpg 300w, https:\/\/www.rau.ufscar.br\/wp-content\/uploads\/2015\/05\/rotate.php_.jpg 306w\" sizes=\"auto, (max-width: 200px) 100vw, 200px\" \/>\u00a0<img loading=\"lazy\" decoding=\"async\" class=\"alignnone wp-image-278\" src=\"http:\/\/www.rau.ufscar.br\/wp-content\/uploads\/2015\/05\/UFSCar-300x219.jpg\" alt=\"UFSCar\" width=\"200\" height=\"146\" srcset=\"https:\/\/www.rau.ufscar.br\/wp-content\/uploads\/2015\/05\/UFSCar-300x219.jpg 300w, https:\/\/www.rau.ufscar.br\/wp-content\/uploads\/2015\/05\/UFSCar-1024x746.jpg 1024w, https:\/\/www.rau.ufscar.br\/wp-content\/uploads\/2015\/05\/UFSCar-788x574.jpg 788w\" sizes=\"auto, (max-width: 200px) 100vw, 200px\" \/><\/p>\n<hr \/>\n<p>Indexadores:<\/p>\n<p><img loading=\"lazy\" decoding=\"async\" class=\"alignnone wp-image-275\" src=\"http:\/\/www.rau.ufscar.br\/wp-content\/uploads\/2015\/05\/latindex-300x101.jpg\" alt=\"latindex\" width=\"150\" height=\"50\" srcset=\"https:\/\/www.rau.ufscar.br\/wp-content\/uploads\/2015\/05\/latindex-300x101.jpg 300w, https:\/\/www.rau.ufscar.br\/wp-content\/uploads\/2015\/05\/latindex-788x265.jpg 788w, https:\/\/www.rau.ufscar.br\/wp-content\/uploads\/2015\/05\/latindex.jpg 798w\" sizes=\"auto, (max-width: 150px) 100vw, 150px\" \/><\/p>\n<p><img loading=\"lazy\" decoding=\"async\" class=\"alignnone wp-image-276\" src=\"http:\/\/www.rau.ufscar.br\/wp-content\/uploads\/2015\/05\/logo.png\" alt=\"logo\" width=\"150\" height=\"65\" \/><\/p>\n","protected":false},"excerpt":{"rendered":"<p>Volume 12, N\u00famero 1 |\u00a0janeiro &#8211; junho de 2020 ISSN: 2175-4705 Baixar edi\u00e7\u00e3o completa [PDF] Sum\u00e1rio\u00a0[PDF] _ Dossi\u00ea: Performance, processos de diferencia\u00e7\u00e3o e constitui\u00e7\u00e3o de sujeitos _ Apresenta\u00e7\u00e3o Performance, processos de diferencia\u00e7\u00e3o e constitui\u00e7\u00e3o de sujeitos [PDF] Iracema Dulley e Lorena Avellar de Muniagurria Artigos A constitui\u00e7\u00e3o de sujeitos frente a interpela\u00e7\u00e3o de \u201cterrorista\u201d: reflex\u00f5es [&hellip;]<\/p>\n","protected":false},"author":1,"featured_media":1641,"comment_status":"closed","ping_status":"closed","sticky":false,"template":"","format":"standard","meta":{"footnotes":""},"categories":[1],"tags":[],"class_list":["post-1585","post","type-post","status-publish","format-standard","has-post-thumbnail","hentry","category-uncategorized"],"_links":{"self":[{"href":"https:\/\/www.rau.ufscar.br\/index.php?rest_route=\/wp\/v2\/posts\/1585","targetHints":{"allow":["GET"]}}],"collection":[{"href":"https:\/\/www.rau.ufscar.br\/index.php?rest_route=\/wp\/v2\/posts"}],"about":[{"href":"https:\/\/www.rau.ufscar.br\/index.php?rest_route=\/wp\/v2\/types\/post"}],"author":[{"embeddable":true,"href":"https:\/\/www.rau.ufscar.br\/index.php?rest_route=\/wp\/v2\/users\/1"}],"replies":[{"embeddable":true,"href":"https:\/\/www.rau.ufscar.br\/index.php?rest_route=%2Fwp%2Fv2%2Fcomments&post=1585"}],"version-history":[{"count":39,"href":"https:\/\/www.rau.ufscar.br\/index.php?rest_route=\/wp\/v2\/posts\/1585\/revisions"}],"predecessor-version":[{"id":1655,"href":"https:\/\/www.rau.ufscar.br\/index.php?rest_route=\/wp\/v2\/posts\/1585\/revisions\/1655"}],"wp:featuredmedia":[{"embeddable":true,"href":"https:\/\/www.rau.ufscar.br\/index.php?rest_route=\/wp\/v2\/media\/1641"}],"wp:attachment":[{"href":"https:\/\/www.rau.ufscar.br\/index.php?rest_route=%2Fwp%2Fv2%2Fmedia&parent=1585"}],"wp:term":[{"taxonomy":"category","embeddable":true,"href":"https:\/\/www.rau.ufscar.br\/index.php?rest_route=%2Fwp%2Fv2%2Fcategories&post=1585"},{"taxonomy":"post_tag","embeddable":true,"href":"https:\/\/www.rau.ufscar.br\/index.php?rest_route=%2Fwp%2Fv2%2Ftags&post=1585"}],"curies":[{"name":"wp","href":"https:\/\/api.w.org\/{rel}","templated":true}]}}