{"id":1370,"date":"2018-11-26T16:26:05","date_gmt":"2018-11-26T16:26:05","guid":{"rendered":"http:\/\/www.rau.ufscar.br\/?p=1370"},"modified":"2018-11-26T16:47:38","modified_gmt":"2018-11-26T16:47:38","slug":"volume-10-numero-2-2018-dossie-saberes-locales-y-territorios","status":"publish","type":"post","link":"https:\/\/www.rau.ufscar.br\/?p=1370","title":{"rendered":"Volume 10, n\u00famero 2 | 2018 | Dossi\u00ea: Saberes locales y territorios"},"content":{"rendered":"<div>\n<h2><span style=\"color: #ff6600;\">Volume 10, N\u00famero 2 |\u00a0julho &#8211; dezembro\u00a0de 2018<\/span><\/h2>\n<h3><span style=\"color: #ff6600;\">Saberes locales y territorios<br \/>\n<\/span><span style=\"color: #ff6600;\">o de c\u00f3mo prospera el campo de los equ\u00edvocos<\/span><\/h3>\n<h5>ISSN: 2175-4705<\/h5>\n<p><iframe loading=\"lazy\" src=\"https:\/\/e.issuu.com\/anonymous-embed.html?u=raufscar&amp;d=vol10n2\" width=\"944\" height=\"500\" frameborder=\"0\" allowfullscreen=\"allowfullscreen\"><\/iframe><\/p>\n<h2><\/h2>\n<\/div>\n<h4>Baixar edi\u00e7\u00e3o completa [<a href=\"http:\/\/www.rau.ufscar.br\/wp-content\/uploads\/2018\/11\/Vol10n2.pdf\" target=\"_blank\">PDF<\/a>]<\/h4>\n<h4>Sum\u00e1rio\u00a0[<a href=\"http:\/\/www.rau.ufscar.br\/wp-content\/uploads\/2018\/11\/Sumario.pdf\" target=\"_blank\">PDF<\/a>]<\/h4>\n<hr \/>\n<h4><span style=\"color: #ff6600;\"><strong>Presentaci\u00f3n Dossier<\/strong><\/span><\/h4>\n<h4>Saberes locales y territorios o de c\u00f3mo prospera el campo de los equ\u00edvocos\u00a0[<a href=\"http:\/\/www.rau.ufscar.br\/wp-content\/uploads\/2018\/11\/00.pdf\" target=\"_blank\">PDF<\/a>]<\/h4>\n<p style=\"padding-left: 30px;\">Celeste Medrano\u00a0e\u00a0Juan Mart\u00edn Dabezies<\/p>\n<h4><span style=\"color: #ff6600;\"><strong>Artigos<\/strong><\/span><\/h4>\n<h4>Uma outra cosmopol\u00edtica \u00e9 poss\u00edvel?\u00a0[<a href=\"http:\/\/www.rau.ufscar.br\/wp-content\/uploads\/2018\/11\/01.pdf\" target=\"_blank\">PDF<\/a>]<\/h4>\n<p style=\"padding-left: 30px;\">Mario Blaser<\/p>\n<h4>Los inventarios de conocimiento local: de la equivocaci\u00f3n controlada al entendimiento instrumental [<a href=\"http:\/\/www.rau.ufscar.br\/wp-content\/uploads\/2018\/11\/02.pdf\" target=\"_blank\">PDF<\/a>]<\/h4>\n<p style=\"padding-left: 30px;\">Juan Mart\u00edn Dabezies<\/p>\n<h4>\u00a0\u00c9 poss\u00edvel respeitar a terra? Dilemas ambientais entre fazendeiros Mapuche no Chile\u00a0[<a href=\"http:\/\/www.rau.ufscar.br\/wp-content\/uploads\/2018\/11\/03.pdf\" target=\"_blank\">PDF<\/a>]<\/h4>\n<p style=\"padding-left: 30px;\">Piergiorgio Di Giminiani<\/p>\n<h4><\/h4>\n<h4>Las formas de la historia: equ\u00edvocos, relaciones y memorias en los cerros juje\u00f1os [<a href=\"http:\/\/www.rau.ufscar.br\/wp-content\/uploads\/2018\/11\/04.pdf\" target=\"_blank\">PDF<\/a>]<\/h4>\n<p style=\"padding-left: 30px;\">Ver\u00f3nica S. Lema e Francisco Pazzarelli<\/p>\n<h4>Reflexiones dislocadas: la antropolog\u00eda reversa de un l\u00edder <em>qom<\/em> del Chaco argentino [<a href=\"http:\/\/www.rau.ufscar.br\/wp-content\/uploads\/2018\/11\/05.pdf\">PDF<\/a>]<\/h4>\n<p style=\"padding-left: 30px;\">Gabriel Rodrigues Lopes e Florencia Tola<\/p>\n<h4>\u00a0Quando macacos e humanos comp\u00f5em mundos: rela\u00e7\u00f5es entre o caray\u00e1 (bugiu-preto) e os Qom no Gran Chaco [<a href=\"http:\/\/www.rau.ufscar.br\/wp-content\/uploads\/2018\/11\/06.pdf\" target=\"_blank\">PDF<\/a>]<\/h4>\n<p style=\"padding-left: 30px;\">Celeste Medrano<\/p>\n<h4>Voc\u00eas, brancos, s\u00e3o peixes: sobre os equ\u00edvocos na pesca e na piscicultura entre os Karitiana, Rond\u00f4nia [<a href=\"http:\/\/www.rau.ufscar.br\/wp-content\/uploads\/2018\/11\/07.pdf\" target=\"_blank\">PDF<\/a>]<\/h4>\n<p style=\"padding-left: 30px;\">Felipe F. Vander Velden<\/p>\n<hr \/>\n<h4>\u00a0<span style=\"color: #ff6600;\">Caderno de Imagens<\/span><\/h4>\n<h4>Marianas de Contente: mulheres, quilombo e reconhecimento\u00a0[<a href=\"http:\/\/www.rau.ufscar.br\/wp-content\/uploads\/2018\/11\/08.pdf\" target=\"_blank\">PDF<\/a>]<\/h4>\n<p style=\"padding-left: 30px;\">Andressa L\u00eddicy Morais-Lima<\/p>\n<h4><span style=\"color: #ff6600;\">Artigos<\/span><\/h4>\n<h4><span class=\"fontstyle0\">A vit\u00f3ria do tapir: notas sobre uma teoria ayoreo sobre o &#8220;cansa\u00e7o de viver&#8221; [<a href=\"http:\/\/www.rau.ufscar.br\/wp-content\/uploads\/2018\/11\/09.pdf\" target=\"_blank\">PDF<\/a>]<\/span><\/h4>\n<p style=\"padding-left: 30px;\">Leif Gr\u00fcnewald<\/p>\n<h4><span class=\"fontstyle0\">Dan\u00e7ar para n\u00e3o morrer: di\u00e1logos e pesquisa no noroeste amaz\u00f4nico [<a href=\"http:\/\/www.rau.ufscar.br\/wp-content\/uploads\/2018\/11\/10.pdf\" target=\"_blank\">PDF<\/a>]<\/span><\/h4>\n<p style=\"padding-left: 30px;\">Luis Cay\u00f3n<\/p>\n<h4><\/h4>\n<hr \/>\n<h4><span style=\"color: #ff6600;\">Resenhas<\/span><\/h4>\n<h4><span class=\"fontstyle0\">DE LA CADENA, Marisol. 2015. Earth Beings: Ecologies of Practice across Andean Worlds. Durham and London: Duke University Press,\u00a0368 pp. [<a href=\"http:\/\/www.rau.ufscar.br\/wp-content\/uploads\/2018\/11\/12.pdf\" target=\"_blank\">PDF<\/a><\/span>]<\/h4>\n<p style=\"padding-left: 30px;\"><span class=\"fontstyle0\">Diego Wander Thomaz<\/span><\/p>\n<h4><span class=\"fontstyle0\">MORAIS, Bruno M. 2017. Do corpo ao p\u00f3: cr\u00f4nicas da territorialidade kaiow\u00e1 e guarani nas adjac\u00eancias da morte. S\u00e3o Paulo: Elefante,\u00a0368 pp.<\/span>\u00a0[<a href=\"http:\/\/www.rau.ufscar.br\/wp-content\/uploads\/2018\/11\/13.pdf\">PDF<\/a>]<\/h4>\n<p style=\"padding-left: 30px;\"><span class=\"fontstyle0\">Lu\u00edsa Pontes Molina<\/span><\/p>\n<h4><span class=\"fontstyle0\">LEAL, Natacha S. 2016. Nome aos bois: zebus e zebuzeiros em uma pecu\u00e1ria brasileira de elite. S\u00e3o Paulo: Hucitec\/Anpocs,\u00a0344 pp. [<a href=\"http:\/\/www.rau.ufscar.br\/wp-content\/uploads\/2018\/11\/14.pdf\" target=\"_blank\">PDF<\/a><\/span>]<\/h4>\n<p style=\"padding-left: 30px;\"><span class=\"fontstyle0\">Miriam Rebeca Rodeguero Stefanuto<\/span><\/p>\n<h4><span class=\"fontstyle0\">MUNHOZ,\u00a0Sara R. 2017. O governo dos meninos: liberdade tutelada e medidas socioeducativas. S\u00e3o Carlos: EdUFSCar,\u00a0212 pp.<\/span>\u00a0[<a href=\"http:\/\/www.rau.ufscar.br\/wp-content\/uploads\/2018\/11\/15.pdf\" target=\"_blank\">PDF<\/a>]<\/h4>\n<p style=\"padding-left: 30px;\"><span class=\"fontstyle0\">Janaina de Souza Bujes<\/span><\/p>\n<h4><span class=\"fontstyle0\">GARDNER, Katy; LEWIS, David. 2015. Anthropology and Development: Challenges for the Twenty-First Century. London:\u00a0Pluto Press. 224 pp.<\/span>\u00a0[<a href=\"http:\/\/www.rau.ufscar.br\/wp-content\/uploads\/2018\/11\/16.pdf\" target=\"_blank\">PDF<\/a>]<\/h4>\n<p style=\"padding-left: 30px;\"><span class=\"fontstyle0\">In\u00e1cio Dias de Andrade<\/span><\/p>\n<hr \/>\n<p><img loading=\"lazy\" decoding=\"async\" class=\"alignnone wp-image-277\" src=\"http:\/\/www.rau.ufscar.br\/wp-content\/uploads\/2015\/05\/rotate.php_-300x262.jpg\" alt=\"rotate.php\" width=\"200\" height=\"175\" srcset=\"https:\/\/www.rau.ufscar.br\/wp-content\/uploads\/2015\/05\/rotate.php_-300x262.jpg 300w, https:\/\/www.rau.ufscar.br\/wp-content\/uploads\/2015\/05\/rotate.php_.jpg 306w\" sizes=\"auto, (max-width: 200px) 100vw, 200px\" \/>\u00a0<img loading=\"lazy\" decoding=\"async\" class=\"alignnone wp-image-278\" src=\"http:\/\/www.rau.ufscar.br\/wp-content\/uploads\/2015\/05\/UFSCar-300x219.jpg\" alt=\"UFSCar\" width=\"200\" height=\"146\" srcset=\"https:\/\/www.rau.ufscar.br\/wp-content\/uploads\/2015\/05\/UFSCar-300x219.jpg 300w, https:\/\/www.rau.ufscar.br\/wp-content\/uploads\/2015\/05\/UFSCar-1024x746.jpg 1024w, https:\/\/www.rau.ufscar.br\/wp-content\/uploads\/2015\/05\/UFSCar-788x574.jpg 788w\" sizes=\"auto, (max-width: 200px) 100vw, 200px\" \/><\/p>\n<hr \/>\n<p>Indexadores:<\/p>\n<p><img loading=\"lazy\" decoding=\"async\" class=\"alignnone wp-image-275\" src=\"http:\/\/www.rau.ufscar.br\/wp-content\/uploads\/2015\/05\/latindex-300x101.jpg\" alt=\"latindex\" width=\"150\" height=\"50\" srcset=\"https:\/\/www.rau.ufscar.br\/wp-content\/uploads\/2015\/05\/latindex-300x101.jpg 300w, https:\/\/www.rau.ufscar.br\/wp-content\/uploads\/2015\/05\/latindex-788x265.jpg 788w, https:\/\/www.rau.ufscar.br\/wp-content\/uploads\/2015\/05\/latindex.jpg 798w\" sizes=\"auto, (max-width: 150px) 100vw, 150px\" \/><\/p>\n<p><img loading=\"lazy\" decoding=\"async\" class=\"alignnone wp-image-276\" src=\"http:\/\/www.rau.ufscar.br\/wp-content\/uploads\/2015\/05\/logo.png\" alt=\"logo\" width=\"150\" height=\"65\" \/><\/p>\n","protected":false},"excerpt":{"rendered":"<p>Volume 10, N\u00famero 2 |\u00a0julho &#8211; dezembro\u00a0de 2018 Saberes locales y territorios o de c\u00f3mo prospera el campo de los equ\u00edvocos ISSN: 2175-4705 Baixar edi\u00e7\u00e3o completa [PDF] Sum\u00e1rio\u00a0[PDF] Presentaci\u00f3n Dossier Saberes locales y territorios o de c\u00f3mo prospera el campo de los equ\u00edvocos\u00a0[PDF] Celeste Medrano\u00a0e\u00a0Juan Mart\u00edn Dabezies Artigos Uma outra cosmopol\u00edtica \u00e9 poss\u00edvel?\u00a0[PDF] Mario Blaser [&hellip;]<\/p>\n","protected":false},"author":1,"featured_media":1398,"comment_status":"closed","ping_status":"closed","sticky":false,"template":"","format":"standard","meta":{"footnotes":""},"categories":[1],"tags":[],"class_list":["post-1370","post","type-post","status-publish","format-standard","has-post-thumbnail","hentry","category-uncategorized"],"_links":{"self":[{"href":"https:\/\/www.rau.ufscar.br\/index.php?rest_route=\/wp\/v2\/posts\/1370","targetHints":{"allow":["GET"]}}],"collection":[{"href":"https:\/\/www.rau.ufscar.br\/index.php?rest_route=\/wp\/v2\/posts"}],"about":[{"href":"https:\/\/www.rau.ufscar.br\/index.php?rest_route=\/wp\/v2\/types\/post"}],"author":[{"embeddable":true,"href":"https:\/\/www.rau.ufscar.br\/index.php?rest_route=\/wp\/v2\/users\/1"}],"replies":[{"embeddable":true,"href":"https:\/\/www.rau.ufscar.br\/index.php?rest_route=%2Fwp%2Fv2%2Fcomments&post=1370"}],"version-history":[{"count":7,"href":"https:\/\/www.rau.ufscar.br\/index.php?rest_route=\/wp\/v2\/posts\/1370\/revisions"}],"predecessor-version":[{"id":1395,"href":"https:\/\/www.rau.ufscar.br\/index.php?rest_route=\/wp\/v2\/posts\/1370\/revisions\/1395"}],"wp:featuredmedia":[{"embeddable":true,"href":"https:\/\/www.rau.ufscar.br\/index.php?rest_route=\/wp\/v2\/media\/1398"}],"wp:attachment":[{"href":"https:\/\/www.rau.ufscar.br\/index.php?rest_route=%2Fwp%2Fv2%2Fmedia&parent=1370"}],"wp:term":[{"taxonomy":"category","embeddable":true,"href":"https:\/\/www.rau.ufscar.br\/index.php?rest_route=%2Fwp%2Fv2%2Fcategories&post=1370"},{"taxonomy":"post_tag","embeddable":true,"href":"https:\/\/www.rau.ufscar.br\/index.php?rest_route=%2Fwp%2Fv2%2Ftags&post=1370"}],"curies":[{"name":"wp","href":"https:\/\/api.w.org\/{rel}","templated":true}]}}